{"id":568,"date":"2020-10-24T03:48:30","date_gmt":"2020-10-24T03:48:30","guid":{"rendered":"http:\/\/brotherad.com\/santacruz\/?p=568"},"modified":"2020-10-24T04:05:09","modified_gmt":"2020-10-24T04:05:09","slug":"nueva-representacion-del-kingdom-de-brother-a-cargo-del-ilustrador-asis-percales","status":"publish","type":"post","link":"https:\/\/brotherad.com\/santacruz\/nueva-representacion-del-kingdom-de-brother-a-cargo-del-ilustrador-asis-percales\/","title":{"rendered":"Nueva representaci\u00f3n del \u201cKingdom de Brother\u201d a cargo del ilustrador Asis Percales"},"content":{"rendered":"<p><img fetchpriority=\"high\" decoding=\"async\" class=\"alignnone size-full wp-image-575\" src=\"http:\/\/brotherad.com\/santacruz\/wp-content\/uploads\/sites\/22\/2020\/10\/kingdom-baja-web-poster-2020-brother-escuela-de-creativos.png\" alt=\"\" width=\"1500\" height=\"2121\" srcset=\"https:\/\/brotherad.com\/santacruz\/wp-content\/uploads\/sites\/22\/2020\/10\/kingdom-baja-web-poster-2020-brother-escuela-de-creativos.png 1500w, https:\/\/brotherad.com\/santacruz\/wp-content\/uploads\/sites\/22\/2020\/10\/kingdom-baja-web-poster-2020-brother-escuela-de-creativos-354x500.png 354w, https:\/\/brotherad.com\/santacruz\/wp-content\/uploads\/sites\/22\/2020\/10\/kingdom-baja-web-poster-2020-brother-escuela-de-creativos-724x1024.png 724w, https:\/\/brotherad.com\/santacruz\/wp-content\/uploads\/sites\/22\/2020\/10\/kingdom-baja-web-poster-2020-brother-escuela-de-creativos-768x1086.png 768w, https:\/\/brotherad.com\/santacruz\/wp-content\/uploads\/sites\/22\/2020\/10\/kingdom-baja-web-poster-2020-brother-escuela-de-creativos-1086x1536.png 1086w, https:\/\/brotherad.com\/santacruz\/wp-content\/uploads\/sites\/22\/2020\/10\/kingdom-baja-web-poster-2020-brother-escuela-de-creativos-1448x2048.png 1448w\" sizes=\"(max-width: 1500px) 100vw, 1500px\" \/><\/p>\n<p>&nbsp;<\/p>\n<p>Esto conlleva a la b\u00fasqueda de un artista cuyo trabajo, car\u00e1cter y talento, pueda lograr transmitir la esencia de toda la red. En esta ocasi\u00f3n, el elegido para llevar adelante tal encargo ha sido el ilustrador granadino <a href=\"https:\/\/www.instagram.com\/asispercales\/\">Asis Percales<\/a>, seleccionado por encajar a la perfecci\u00f3n en el esp\u00edritu del #sosloquehac\u00e9s .<\/p>\n<p>En el \u201cKingdom\u201d de Percales se entremezclan personajes, criaturas y elementos de diversa naturaleza. Tomando como referencia en su imaginario la est\u00e9tica del tatuaje, la del viejo circo, la iconograf\u00eda religiosa, la cultura popular, la publicidad, el c\u00f3mic y la cumbia. Lo grotesco y lo bizarro, son elementos que llaman poderosamente la atenci\u00f3n del artista y que cobran una gran relevancia en su obra.<\/p>\n<p>\u201cPara nosotrxs es muy importante encontrar j\u00f3venes talentos que dinamiten todo lo que hemos visto o hecho antes. Encontrarnos con el trabajo de Asis fue amor a primera vista. \u00a0Primero lo conocimos por las redes sociales, luego en persona, hablamos de Brother, su esencia y el significado real que tienen para nostrxs cada uno de los animales por su temperamento, car\u00e1cter y naturaleza asociados a una ciudad, su cultura y su gente. \u201d, explica Mauro Su\u00e1rez (Co-fundador y director de Brother Global) sobre la elecci\u00f3n de Percales.<\/p>\n<p>La imagen dise\u00f1ada para la escuela recoge mucha de las inspiraciones que comparten el ilustrador y Brother. Todo esto bajo el influjo de una est\u00e9tica iconoclasta que se alimenta del mundo del tatuaje y el arte callejero m\u00e1s detallista y colorido. Adem\u00e1s, esta nueva obra incluye a las sedes que se han unido en el \u00faltimo a\u00f1o a la red. La escuela en Santa Cruz de la Sierra (mandril) y la recientemente incorporada Brother Tegucigalpa (jabal\u00ed).<\/p>\n","protected":false},"excerpt":{"rendered":"<p>&nbsp; Esto conlleva a la b\u00fasqueda de un artista cuyo trabajo, car\u00e1cter y talento, pueda lograr transmitir la esencia de toda la red. En esta ocasi\u00f3n, el elegido para llevar adelante tal encargo ha sido el ilustrador granadino Asis Percales, seleccionado por encajar a la perfecci\u00f3n en el esp\u00edritu del #sosloquehac\u00e9s . En el \u201cKingdom\u201d [&hellip;]<\/p>\n","protected":false},"author":6,"featured_media":569,"comment_status":"closed","ping_status":"closed","sticky":false,"template":"","format":"standard","meta":{"_acf_changed":false,"_joinchat":[],"footnotes":""},"categories":[1],"tags":[],"class_list":["post-568","post","type-post","status-publish","format-standard","has-post-thumbnail","hentry","category-sin-categoria","page-nueva-representacion-del-kingdom-de-brother-a-cargo-del-ilustrador-asis-percales"],"acf":[],"yoast_head":"<!-- This site is optimized with the Yoast SEO plugin v27.4 - https:\/\/yoast.com\/product\/yoast-seo-wordpress\/ -->\n<title>Nueva representaci\u00f3n del \u201cKingdom de Brother\u201d a cargo del ilustrador Asis Percales - Brother Santa Cruz<\/title>\n<meta name=\"robots\" content=\"index, follow, max-snippet:-1, max-image-preview:large, max-video-preview:-1\" \/>\n<link rel=\"canonical\" href=\"https:\/\/brotherad.com\/santacruz\/nueva-representacion-del-kingdom-de-brother-a-cargo-del-ilustrador-asis-percales\/\" \/>\n<meta property=\"og:locale\" content=\"es_ES\" \/>\n<meta property=\"og:type\" content=\"article\" \/>\n<meta property=\"og:title\" content=\"Nueva representaci\u00f3n del \u201cKingdom de Brother\u201d a cargo del ilustrador Asis Percales - Brother Santa Cruz\" \/>\n<meta property=\"og:description\" content=\"&nbsp; Esto conlleva a la b\u00fasqueda de un artista cuyo trabajo, car\u00e1cter y talento, pueda lograr transmitir la esencia de toda la red. En esta ocasi\u00f3n, el elegido para llevar adelante tal encargo ha sido el ilustrador granadino Asis Percales, seleccionado por encajar a la perfecci\u00f3n en el esp\u00edritu del #sosloquehac\u00e9s . En el \u201cKingdom\u201d [&hellip;]\" \/>\n<meta property=\"og:url\" content=\"https:\/\/brotherad.com\/santacruz\/nueva-representacion-del-kingdom-de-brother-a-cargo-del-ilustrador-asis-percales\/\" \/>\n<meta property=\"og:site_name\" content=\"Brother Santa Cruz\" \/>\n<meta property=\"article:published_time\" content=\"2020-10-24T03:48:30+00:00\" \/>\n<meta property=\"article:modified_time\" content=\"2020-10-24T04:05:09+00:00\" \/>\n<meta property=\"og:image\" content=\"https:\/\/brotherad.com\/santacruz\/wp-content\/uploads\/sites\/22\/2020\/10\/Captura-de-Pantalla-2020-10-23-a-las-20.15.10-350x350-1.png\" \/>\n\t<meta property=\"og:image:width\" content=\"350\" \/>\n\t<meta property=\"og:image:height\" content=\"350\" \/>\n\t<meta property=\"og:image:type\" content=\"image\/png\" \/>\n<meta name=\"author\" content=\"litoadmin1\" \/>\n<meta name=\"twitter:card\" content=\"summary_large_image\" \/>\n<meta name=\"twitter:label1\" content=\"Escrito por\" \/>\n\t<meta name=\"twitter:data1\" content=\"litoadmin1\" \/>\n\t<meta name=\"twitter:label2\" content=\"Tiempo de lectura\" \/>\n\t<meta name=\"twitter:data2\" content=\"1 minuto\" \/>\n<script type=\"application\/ld+json\" class=\"yoast-schema-graph\">{\"@context\":\"https:\\\/\\\/schema.org\",\"@graph\":[{\"@type\":\"Article\",\"@id\":\"https:\\\/\\\/brotherad.com\\\/santacruz\\\/nueva-representacion-del-kingdom-de-brother-a-cargo-del-ilustrador-asis-percales\\\/#article\",\"isPartOf\":{\"@id\":\"https:\\\/\\\/brotherad.com\\\/santacruz\\\/nueva-representacion-del-kingdom-de-brother-a-cargo-del-ilustrador-asis-percales\\\/\"},\"author\":{\"name\":\"litoadmin1\",\"@id\":\"https:\\\/\\\/brotherad.com\\\/santacruz\\\/#\\\/schema\\\/person\\\/c04d6f1d846da0aad3c02040892ace82\"},\"headline\":\"Nueva representaci\u00f3n del \u201cKingdom de Brother\u201d a cargo del ilustrador Asis Percales\",\"datePublished\":\"2020-10-24T03:48:30+00:00\",\"dateModified\":\"2020-10-24T04:05:09+00:00\",\"mainEntityOfPage\":{\"@id\":\"https:\\\/\\\/brotherad.com\\\/santacruz\\\/nueva-representacion-del-kingdom-de-brother-a-cargo-del-ilustrador-asis-percales\\\/\"},\"wordCount\":309,\"publisher\":{\"@id\":\"https:\\\/\\\/brotherad.com\\\/santacruz\\\/#organization\"},\"image\":{\"@id\":\"https:\\\/\\\/brotherad.com\\\/santacruz\\\/nueva-representacion-del-kingdom-de-brother-a-cargo-del-ilustrador-asis-percales\\\/#primaryimage\"},\"thumbnailUrl\":\"https:\\\/\\\/brotherad.com\\\/santacruz\\\/wp-content\\\/uploads\\\/sites\\\/22\\\/2020\\\/10\\\/Captura-de-Pantalla-2020-10-23-a-las-20.15.10-350x350-1.png\",\"inLanguage\":\"es\"},{\"@type\":\"WebPage\",\"@id\":\"https:\\\/\\\/brotherad.com\\\/santacruz\\\/nueva-representacion-del-kingdom-de-brother-a-cargo-del-ilustrador-asis-percales\\\/\",\"url\":\"https:\\\/\\\/brotherad.com\\\/santacruz\\\/nueva-representacion-del-kingdom-de-brother-a-cargo-del-ilustrador-asis-percales\\\/\",\"name\":\"Nueva representaci\u00f3n del \u201cKingdom de Brother\u201d a cargo del ilustrador Asis Percales - Brother Santa Cruz\",\"isPartOf\":{\"@id\":\"https:\\\/\\\/brotherad.com\\\/santacruz\\\/#website\"},\"primaryImageOfPage\":{\"@id\":\"https:\\\/\\\/brotherad.com\\\/santacruz\\\/nueva-representacion-del-kingdom-de-brother-a-cargo-del-ilustrador-asis-percales\\\/#primaryimage\"},\"image\":{\"@id\":\"https:\\\/\\\/brotherad.com\\\/santacruz\\\/nueva-representacion-del-kingdom-de-brother-a-cargo-del-ilustrador-asis-percales\\\/#primaryimage\"},\"thumbnailUrl\":\"https:\\\/\\\/brotherad.com\\\/santacruz\\\/wp-content\\\/uploads\\\/sites\\\/22\\\/2020\\\/10\\\/Captura-de-Pantalla-2020-10-23-a-las-20.15.10-350x350-1.png\",\"datePublished\":\"2020-10-24T03:48:30+00:00\",\"dateModified\":\"2020-10-24T04:05:09+00:00\",\"breadcrumb\":{\"@id\":\"https:\\\/\\\/brotherad.com\\\/santacruz\\\/nueva-representacion-del-kingdom-de-brother-a-cargo-del-ilustrador-asis-percales\\\/#breadcrumb\"},\"inLanguage\":\"es\",\"potentialAction\":[{\"@type\":\"ReadAction\",\"target\":[\"https:\\\/\\\/brotherad.com\\\/santacruz\\\/nueva-representacion-del-kingdom-de-brother-a-cargo-del-ilustrador-asis-percales\\\/\"]}]},{\"@type\":\"ImageObject\",\"inLanguage\":\"es\",\"@id\":\"https:\\\/\\\/brotherad.com\\\/santacruz\\\/nueva-representacion-del-kingdom-de-brother-a-cargo-del-ilustrador-asis-percales\\\/#primaryimage\",\"url\":\"https:\\\/\\\/brotherad.com\\\/santacruz\\\/wp-content\\\/uploads\\\/sites\\\/22\\\/2020\\\/10\\\/Captura-de-Pantalla-2020-10-23-a-las-20.15.10-350x350-1.png\",\"contentUrl\":\"https:\\\/\\\/brotherad.com\\\/santacruz\\\/wp-content\\\/uploads\\\/sites\\\/22\\\/2020\\\/10\\\/Captura-de-Pantalla-2020-10-23-a-las-20.15.10-350x350-1.png\",\"width\":350,\"height\":350},{\"@type\":\"BreadcrumbList\",\"@id\":\"https:\\\/\\\/brotherad.com\\\/santacruz\\\/nueva-representacion-del-kingdom-de-brother-a-cargo-del-ilustrador-asis-percales\\\/#breadcrumb\",\"itemListElement\":[{\"@type\":\"ListItem\",\"position\":1,\"name\":\"Portada\",\"item\":\"https:\\\/\\\/brotherad.com\\\/santacruz\\\/\"},{\"@type\":\"ListItem\",\"position\":2,\"name\":\"Nueva representaci\u00f3n del \u201cKingdom de Brother\u201d a cargo del ilustrador Asis Percales\"}]},{\"@type\":\"WebSite\",\"@id\":\"https:\\\/\\\/brotherad.com\\\/santacruz\\\/#website\",\"url\":\"https:\\\/\\\/brotherad.com\\\/santacruz\\\/\",\"name\":\"Brother Santa Cruz\",\"description\":\"Otro sitio m\u00e1s de Sitios de Brother\",\"publisher\":{\"@id\":\"https:\\\/\\\/brotherad.com\\\/santacruz\\\/#organization\"},\"potentialAction\":[{\"@type\":\"SearchAction\",\"target\":{\"@type\":\"EntryPoint\",\"urlTemplate\":\"https:\\\/\\\/brotherad.com\\\/santacruz\\\/?s={search_term_string}\"},\"query-input\":{\"@type\":\"PropertyValueSpecification\",\"valueRequired\":true,\"valueName\":\"search_term_string\"}}],\"inLanguage\":\"es\"},{\"@type\":\"Organization\",\"@id\":\"https:\\\/\\\/brotherad.com\\\/santacruz\\\/#organization\",\"name\":\"Brother Santa Cruz\",\"url\":\"https:\\\/\\\/brotherad.com\\\/santacruz\\\/\",\"logo\":{\"@type\":\"ImageObject\",\"inLanguage\":\"es\",\"@id\":\"https:\\\/\\\/brotherad.com\\\/santacruz\\\/#\\\/schema\\\/logo\\\/image\\\/\",\"url\":\"https:\\\/\\\/brotherad.com\\\/santacruz\\\/wp-content\\\/uploads\\\/sites\\\/22\\\/2020\\\/04\\\/logo-bro-sc.svg\",\"contentUrl\":\"https:\\\/\\\/brotherad.com\\\/santacruz\\\/wp-content\\\/uploads\\\/sites\\\/22\\\/2020\\\/04\\\/logo-bro-sc.svg\",\"caption\":\"Brother Santa Cruz\"},\"image\":{\"@id\":\"https:\\\/\\\/brotherad.com\\\/santacruz\\\/#\\\/schema\\\/logo\\\/image\\\/\"}},{\"@type\":\"Person\",\"@id\":\"https:\\\/\\\/brotherad.com\\\/santacruz\\\/#\\\/schema\\\/person\\\/c04d6f1d846da0aad3c02040892ace82\",\"name\":\"litoadmin1\",\"image\":{\"@type\":\"ImageObject\",\"inLanguage\":\"es\",\"@id\":\"https:\\\/\\\/secure.gravatar.com\\\/avatar\\\/45db661ef317ca7dcf908d9c6d08a722214bd7a8c8781af814e870e7e5aa0aae?s=96&d=mm&r=g\",\"url\":\"https:\\\/\\\/secure.gravatar.com\\\/avatar\\\/45db661ef317ca7dcf908d9c6d08a722214bd7a8c8781af814e870e7e5aa0aae?s=96&d=mm&r=g\",\"contentUrl\":\"https:\\\/\\\/secure.gravatar.com\\\/avatar\\\/45db661ef317ca7dcf908d9c6d08a722214bd7a8c8781af814e870e7e5aa0aae?s=96&d=mm&r=g\",\"caption\":\"litoadmin1\"},\"url\":\"https:\\\/\\\/brotherad.com\\\/santacruz\\\/author\\\/litoadmin1\\\/\"}]}<\/script>\n<!-- \/ Yoast SEO plugin. -->","yoast_head_json":{"title":"Nueva representaci\u00f3n del \u201cKingdom de Brother\u201d a cargo del ilustrador Asis Percales - Brother Santa Cruz","robots":{"index":"index","follow":"follow","max-snippet":"max-snippet:-1","max-image-preview":"max-image-preview:large","max-video-preview":"max-video-preview:-1"},"canonical":"https:\/\/brotherad.com\/santacruz\/nueva-representacion-del-kingdom-de-brother-a-cargo-del-ilustrador-asis-percales\/","og_locale":"es_ES","og_type":"article","og_title":"Nueva representaci\u00f3n del \u201cKingdom de Brother\u201d a cargo del ilustrador Asis Percales - Brother Santa Cruz","og_description":"&nbsp; Esto conlleva a la b\u00fasqueda de un artista cuyo trabajo, car\u00e1cter y talento, pueda lograr transmitir la esencia de toda la red. En esta ocasi\u00f3n, el elegido para llevar adelante tal encargo ha sido el ilustrador granadino Asis Percales, seleccionado por encajar a la perfecci\u00f3n en el esp\u00edritu del #sosloquehac\u00e9s . En el \u201cKingdom\u201d [&hellip;]","og_url":"https:\/\/brotherad.com\/santacruz\/nueva-representacion-del-kingdom-de-brother-a-cargo-del-ilustrador-asis-percales\/","og_site_name":"Brother Santa Cruz","article_published_time":"2020-10-24T03:48:30+00:00","article_modified_time":"2020-10-24T04:05:09+00:00","og_image":[{"width":350,"height":350,"url":"https:\/\/brotherad.com\/santacruz\/wp-content\/uploads\/sites\/22\/2020\/10\/Captura-de-Pantalla-2020-10-23-a-las-20.15.10-350x350-1.png","type":"image\/png"}],"author":"litoadmin1","twitter_card":"summary_large_image","twitter_misc":{"Escrito por":"litoadmin1","Tiempo de lectura":"1 minuto"},"schema":{"@context":"https:\/\/schema.org","@graph":[{"@type":"Article","@id":"https:\/\/brotherad.com\/santacruz\/nueva-representacion-del-kingdom-de-brother-a-cargo-del-ilustrador-asis-percales\/#article","isPartOf":{"@id":"https:\/\/brotherad.com\/santacruz\/nueva-representacion-del-kingdom-de-brother-a-cargo-del-ilustrador-asis-percales\/"},"author":{"name":"litoadmin1","@id":"https:\/\/brotherad.com\/santacruz\/#\/schema\/person\/c04d6f1d846da0aad3c02040892ace82"},"headline":"Nueva representaci\u00f3n del \u201cKingdom de Brother\u201d a cargo del ilustrador Asis Percales","datePublished":"2020-10-24T03:48:30+00:00","dateModified":"2020-10-24T04:05:09+00:00","mainEntityOfPage":{"@id":"https:\/\/brotherad.com\/santacruz\/nueva-representacion-del-kingdom-de-brother-a-cargo-del-ilustrador-asis-percales\/"},"wordCount":309,"publisher":{"@id":"https:\/\/brotherad.com\/santacruz\/#organization"},"image":{"@id":"https:\/\/brotherad.com\/santacruz\/nueva-representacion-del-kingdom-de-brother-a-cargo-del-ilustrador-asis-percales\/#primaryimage"},"thumbnailUrl":"https:\/\/brotherad.com\/santacruz\/wp-content\/uploads\/sites\/22\/2020\/10\/Captura-de-Pantalla-2020-10-23-a-las-20.15.10-350x350-1.png","inLanguage":"es"},{"@type":"WebPage","@id":"https:\/\/brotherad.com\/santacruz\/nueva-representacion-del-kingdom-de-brother-a-cargo-del-ilustrador-asis-percales\/","url":"https:\/\/brotherad.com\/santacruz\/nueva-representacion-del-kingdom-de-brother-a-cargo-del-ilustrador-asis-percales\/","name":"Nueva representaci\u00f3n del \u201cKingdom de Brother\u201d a cargo del ilustrador Asis Percales - Brother Santa Cruz","isPartOf":{"@id":"https:\/\/brotherad.com\/santacruz\/#website"},"primaryImageOfPage":{"@id":"https:\/\/brotherad.com\/santacruz\/nueva-representacion-del-kingdom-de-brother-a-cargo-del-ilustrador-asis-percales\/#primaryimage"},"image":{"@id":"https:\/\/brotherad.com\/santacruz\/nueva-representacion-del-kingdom-de-brother-a-cargo-del-ilustrador-asis-percales\/#primaryimage"},"thumbnailUrl":"https:\/\/brotherad.com\/santacruz\/wp-content\/uploads\/sites\/22\/2020\/10\/Captura-de-Pantalla-2020-10-23-a-las-20.15.10-350x350-1.png","datePublished":"2020-10-24T03:48:30+00:00","dateModified":"2020-10-24T04:05:09+00:00","breadcrumb":{"@id":"https:\/\/brotherad.com\/santacruz\/nueva-representacion-del-kingdom-de-brother-a-cargo-del-ilustrador-asis-percales\/#breadcrumb"},"inLanguage":"es","potentialAction":[{"@type":"ReadAction","target":["https:\/\/brotherad.com\/santacruz\/nueva-representacion-del-kingdom-de-brother-a-cargo-del-ilustrador-asis-percales\/"]}]},{"@type":"ImageObject","inLanguage":"es","@id":"https:\/\/brotherad.com\/santacruz\/nueva-representacion-del-kingdom-de-brother-a-cargo-del-ilustrador-asis-percales\/#primaryimage","url":"https:\/\/brotherad.com\/santacruz\/wp-content\/uploads\/sites\/22\/2020\/10\/Captura-de-Pantalla-2020-10-23-a-las-20.15.10-350x350-1.png","contentUrl":"https:\/\/brotherad.com\/santacruz\/wp-content\/uploads\/sites\/22\/2020\/10\/Captura-de-Pantalla-2020-10-23-a-las-20.15.10-350x350-1.png","width":350,"height":350},{"@type":"BreadcrumbList","@id":"https:\/\/brotherad.com\/santacruz\/nueva-representacion-del-kingdom-de-brother-a-cargo-del-ilustrador-asis-percales\/#breadcrumb","itemListElement":[{"@type":"ListItem","position":1,"name":"Portada","item":"https:\/\/brotherad.com\/santacruz\/"},{"@type":"ListItem","position":2,"name":"Nueva representaci\u00f3n del \u201cKingdom de Brother\u201d a cargo del ilustrador Asis Percales"}]},{"@type":"WebSite","@id":"https:\/\/brotherad.com\/santacruz\/#website","url":"https:\/\/brotherad.com\/santacruz\/","name":"Brother Santa Cruz","description":"Otro sitio m\u00e1s de Sitios de Brother","publisher":{"@id":"https:\/\/brotherad.com\/santacruz\/#organization"},"potentialAction":[{"@type":"SearchAction","target":{"@type":"EntryPoint","urlTemplate":"https:\/\/brotherad.com\/santacruz\/?s={search_term_string}"},"query-input":{"@type":"PropertyValueSpecification","valueRequired":true,"valueName":"search_term_string"}}],"inLanguage":"es"},{"@type":"Organization","@id":"https:\/\/brotherad.com\/santacruz\/#organization","name":"Brother Santa Cruz","url":"https:\/\/brotherad.com\/santacruz\/","logo":{"@type":"ImageObject","inLanguage":"es","@id":"https:\/\/brotherad.com\/santacruz\/#\/schema\/logo\/image\/","url":"https:\/\/brotherad.com\/santacruz\/wp-content\/uploads\/sites\/22\/2020\/04\/logo-bro-sc.svg","contentUrl":"https:\/\/brotherad.com\/santacruz\/wp-content\/uploads\/sites\/22\/2020\/04\/logo-bro-sc.svg","caption":"Brother Santa Cruz"},"image":{"@id":"https:\/\/brotherad.com\/santacruz\/#\/schema\/logo\/image\/"}},{"@type":"Person","@id":"https:\/\/brotherad.com\/santacruz\/#\/schema\/person\/c04d6f1d846da0aad3c02040892ace82","name":"litoadmin1","image":{"@type":"ImageObject","inLanguage":"es","@id":"https:\/\/secure.gravatar.com\/avatar\/45db661ef317ca7dcf908d9c6d08a722214bd7a8c8781af814e870e7e5aa0aae?s=96&d=mm&r=g","url":"https:\/\/secure.gravatar.com\/avatar\/45db661ef317ca7dcf908d9c6d08a722214bd7a8c8781af814e870e7e5aa0aae?s=96&d=mm&r=g","contentUrl":"https:\/\/secure.gravatar.com\/avatar\/45db661ef317ca7dcf908d9c6d08a722214bd7a8c8781af814e870e7e5aa0aae?s=96&d=mm&r=g","caption":"litoadmin1"},"url":"https:\/\/brotherad.com\/santacruz\/author\/litoadmin1\/"}]}},"_links":{"self":[{"href":"https:\/\/brotherad.com\/santacruz\/wp-json\/wp\/v2\/posts\/568","targetHints":{"allow":["GET"]}}],"collection":[{"href":"https:\/\/brotherad.com\/santacruz\/wp-json\/wp\/v2\/posts"}],"about":[{"href":"https:\/\/brotherad.com\/santacruz\/wp-json\/wp\/v2\/types\/post"}],"author":[{"embeddable":true,"href":"https:\/\/brotherad.com\/santacruz\/wp-json\/wp\/v2\/users\/6"}],"replies":[{"embeddable":true,"href":"https:\/\/brotherad.com\/santacruz\/wp-json\/wp\/v2\/comments?post=568"}],"version-history":[{"count":3,"href":"https:\/\/brotherad.com\/santacruz\/wp-json\/wp\/v2\/posts\/568\/revisions"}],"predecessor-version":[{"id":576,"href":"https:\/\/brotherad.com\/santacruz\/wp-json\/wp\/v2\/posts\/568\/revisions\/576"}],"wp:featuredmedia":[{"embeddable":true,"href":"https:\/\/brotherad.com\/santacruz\/wp-json\/wp\/v2\/media\/569"}],"wp:attachment":[{"href":"https:\/\/brotherad.com\/santacruz\/wp-json\/wp\/v2\/media?parent=568"}],"wp:term":[{"taxonomy":"category","embeddable":true,"href":"https:\/\/brotherad.com\/santacruz\/wp-json\/wp\/v2\/categories?post=568"},{"taxonomy":"post_tag","embeddable":true,"href":"https:\/\/brotherad.com\/santacruz\/wp-json\/wp\/v2\/tags?post=568"}],"curies":[{"name":"wp","href":"https:\/\/api.w.org\/{rel}","templated":true}]}}